{"id":1175,"date":"2022-05-06T18:00:00","date_gmt":"2022-05-06T18:00:00","guid":{"rendered":"http:\/\/tiempolibregdl.com\/?p=1175"},"modified":"2022-05-06T23:08:09","modified_gmt":"2022-05-06T23:08:09","slug":"sigur-ros-dejo-atonito-al-publico-en-guadalajara","status":"publish","type":"post","link":"https:\/\/tiempolibregdl.com\/index.php\/2022\/05\/06\/sigur-ros-dejo-atonito-al-publico-en-guadalajara\/","title":{"rendered":"\u00a1Sigur R\u00f3s dej\u00f3 at\u00f3nito al p\u00fablico en Guadalajara!"},"content":{"rendered":"\n<p><a href=\"https:\/\/www.facebook.com\/hashtag\/cobertura?__eep__=6&amp;__cft__[0]=AZUjyKILQwBEpVo1ljrAa1lzLIQdyiyFzIFcqNIpNvspcAIcKjwTfzId-rNyNtbadF8lv7mT93SVpmec_7yLb3Civq6Yau8fwLpQdFfnsx_oeACmA_hwIRqlMS-nHMADtkgx2e9x5VzzzSeqBsO1-DCd52U5zCZKpseCwJE4jnwOwg&amp;__tn__=*NK-R\" target=\"_blank\" rel=\"noopener\">#cobertura<\/a><\/p>\n\n\n\n<p><a href=\"https:\/\/www.facebook.com\/sigurros?__cft__[0]=AZUjyKILQwBEpVo1ljrAa1lzLIQdyiyFzIFcqNIpNvspcAIcKjwTfzId-rNyNtbadF8lv7mT93SVpmec_7yLb3Civq6Yau8fwLpQdFfnsx_oeACmA_hwIRqlMS-nHMADtkgx2e9x5VzzzSeqBsO1-DCd52U5zCZKpseCwJE4jnwOwg&amp;__tn__=-]K-R\" target=\"_blank\" rel=\"noopener\">Sigur R\u00f3s<\/a> inici\u00f3 su gira mundial en los escenarios mexicanos, y este 5 de Mayo concluy\u00f3 su estad\u00eda con un grandioso concierto que tuvo lugar en el <a href=\"https:\/\/www.facebook.com\/AuditorioTELMEX\/?__cft__[0]=AZUjyKILQwBEpVo1ljrAa1lzLIQdyiyFzIFcqNIpNvspcAIcKjwTfzId-rNyNtbadF8lv7mT93SVpmec_7yLb3Civq6Yau8fwLpQdFfnsx_oeACmA_hwIRqlMS-nHMADtkgx2e9x5VzzzSeqBsO1-DCd52U5zCZKpseCwJE4jnwOwg&amp;__tn__=kK-R\" target=\"_blank\" rel=\"noopener\">Auditorio TELMEX<\/a>, iniciando a las 9 de la noche, presentado por <a href=\"https:\/\/www.facebook.com\/ocesamx\/?__cft__[0]=AZUjyKILQwBEpVo1ljrAa1lzLIQdyiyFzIFcqNIpNvspcAIcKjwTfzId-rNyNtbadF8lv7mT93SVpmec_7yLb3Civq6Yau8fwLpQdFfnsx_oeACmA_hwIRqlMS-nHMADtkgx2e9x5VzzzSeqBsO1-DCd52U5zCZKpseCwJE4jnwOwg&amp;__tn__=kK-R\" target=\"_blank\" rel=\"noopener\">Ocesa<\/a>. Momentos antes de su presentaci\u00f3n, tuvimos la oportunidad de apreciar la incre\u00edble escenograf\u00eda que exhib\u00eda l\u00edneas vectoriales hechas de cuerda, las cuales hac\u00edan juego con las pantallas que estaban detr\u00e1s de ellas. Por el escenario se apreciaban algunas bases que sosten\u00edan un foco incandescente en la punta, las cuales se iluminaban al son del beat que se escuchaba en ese momento. Todo esto formaba una atm\u00f3sfera de calma y misticismo.<\/p>\n\n\n\n<p>Inesperadamente el escenario se tornaba con una profunda oscuridad que fue cortada por el piano de Kjatan Sveinsson, quien marc\u00f3 los acordes de \u201cVaka\u201d, que estremeci\u00f3 a la audiencia dej\u00e1ndola at\u00f3nita. Los faros auxiliares empezaron a encenderse, as\u00ed como las luces del escenario, mostrando al gran cuarteto de Islandeses dando todo de s\u00ed.<\/p>\n\n\n\n<p>Mientras la noche transcurr\u00eda, se escuchaban aplausos y bulla que continuamente eran silenciados por el mismo p\u00fablico cuando escuchaban los arm\u00f3nicos instrumentos y la potente voz de J\u00f3nsi que creaban una atm\u00f3sfera alegre y emotiva. El volumen y la intensidad del concierto bajaba poco a poco hasta llegar al silencio. En las pantallas era anunciado el intermedio del espect\u00e1culo, el cual era necesario para que descansara un poco la garganta de J\u00f3nsi y el p\u00fablico pudiera hacer una parada r\u00e1pida a los sanitarios y a comprar bebidas.Volviendo del intermedio, Sigur R\u00f3s regres\u00f3 al escenario y mientras Georg comenzaba a tocar el bajo se pod\u00eda ver la enorme y particular sonrisa que J\u00f3nsi hac\u00eda para iniciar uno de los coros m\u00e1s famosos. As\u00ed es, despu\u00e9s de casi 14 a\u00f1os, &#8220;Gl\u00f3s\u00f3li&#8221; volv\u00eda a sonar en Guadalajara, el recinto era invadido por una oscuridad y melancol\u00eda, que son muy caracter\u00edsticas de la banda.<\/p>\n\n\n\n<p>El concierto dio un recorrido por toda la discograf\u00eda del grupo, demostrando esa unidad y alegr\u00eda de tener reunidos de nuevo a viejos integrantes del grupo, dej\u00e1ndolo muy en claro con el dueto de coros de J\u00f3nsi y Kjatan Sveinsson.<\/p>\n\n\n\n<p>El cierre dej\u00f3 conmocionada a la audiencia, quienes escucharon un muy af\u00f3nico y c\u00e1lido \u201cwe love you M\u00e9xico\u201d, que proven\u00eda de J\u00f3nsi mientras hac\u00edan alabanza al p\u00fablico tapat\u00edo que les aplaud\u00eda.Sigur R\u00f3s contin\u00faa su gira mundial por Canad\u00e1 y Estados Unidos, mientras que su presentaci\u00f3n en Guadalajara, la finalizaron con dos canciones que formar\u00e1n parte de este nuevo disco que se encuentra en grabaci\u00f3n, el cual nos emociona mucho de poder escucharlo.<\/p>\n\n\n\n<figure class=\"wp-block-image size-large\"><img loading=\"lazy\" width=\"1024\" height=\"461\" src=\"https:\/\/tiempolibregdl.com\/wp-content\/uploads\/2022\/05\/IMG_20220505_224915-1024x461.jpg\" alt=\"\" class=\"wp-image-1176\" srcset=\"https:\/\/tiempolibregdl.com\/wp-content\/uploads\/2022\/05\/IMG_20220505_224915-1024x461.jpg 1024w, https:\/\/tiempolibregdl.com\/wp-content\/uploads\/2022\/05\/IMG_20220505_224915-300x135.jpg 300w, https:\/\/tiempolibregdl.com\/wp-content\/uploads\/2022\/05\/IMG_20220505_224915-768x346.jpg 768w, https:\/\/tiempolibregdl.com\/wp-content\/uploads\/2022\/05\/IMG_20220505_224915-1536x691.jpg 1536w, https:\/\/tiempolibregdl.com\/wp-content\/uploads\/2022\/05\/IMG_20220505_224915-2048x922.jpg 2048w\" sizes=\"(max-width: 767px) 89vw, (max-width: 1000px) 54vw, (max-width: 1071px) 543px, 580px\" \/><\/figure>\n\n\n\n<figure class=\"wp-block-image size-large\"><img loading=\"lazy\" width=\"461\" height=\"1024\" src=\"https:\/\/tiempolibregdl.com\/wp-content\/uploads\/2022\/05\/IMG_20220505_225638-461x1024.jpg\" alt=\"\" class=\"wp-image-1177\" srcset=\"https:\/\/tiempolibregdl.com\/wp-content\/uploads\/2022\/05\/IMG_20220505_225638-461x1024.jpg 461w, https:\/\/tiempolibregdl.com\/wp-content\/uploads\/2022\/05\/IMG_20220505_225638-135x300.jpg 135w, https:\/\/tiempolibregdl.com\/wp-content\/uploads\/2022\/05\/IMG_20220505_225638-768x1707.jpg 768w, https:\/\/tiempolibregdl.com\/wp-content\/uploads\/2022\/05\/IMG_20220505_225638-691x1536.jpg 691w, https:\/\/tiempolibregdl.com\/wp-content\/uploads\/2022\/05\/IMG_20220505_225638-922x2048.jpg 922w, https:\/\/tiempolibregdl.com\/wp-content\/uploads\/2022\/05\/IMG_20220505_225638-scaled.jpg 1152w\" sizes=\"(max-width: 461px) 100vw, 461px\" \/><\/figure>\n\n\n\n<figure class=\"wp-block-image size-large\"><img loading=\"lazy\" width=\"1024\" height=\"461\" src=\"https:\/\/tiempolibregdl.com\/wp-content\/uploads\/2022\/05\/IMG_20220505_232935-1024x461.jpg\" alt=\"\" class=\"wp-image-1178\" srcset=\"https:\/\/tiempolibregdl.com\/wp-content\/uploads\/2022\/05\/IMG_20220505_232935-1024x461.jpg 1024w, https:\/\/tiempolibregdl.com\/wp-content\/uploads\/2022\/05\/IMG_20220505_232935-300x135.jpg 300w, https:\/\/tiempolibregdl.com\/wp-content\/uploads\/2022\/05\/IMG_20220505_232935-768x346.jpg 768w, https:\/\/tiempolibregdl.com\/wp-content\/uploads\/2022\/05\/IMG_20220505_232935-1536x691.jpg 1536w, https:\/\/tiempolibregdl.com\/wp-content\/uploads\/2022\/05\/IMG_20220505_232935-2048x922.jpg 2048w\" sizes=\"(max-width: 767px) 89vw, (max-width: 1000px) 54vw, (max-width: 1071px) 543px, 580px\" \/><\/figure>\n\n\n\n<figure class=\"wp-block-image size-large\"><img loading=\"lazy\" width=\"1024\" height=\"461\" src=\"https:\/\/tiempolibregdl.com\/wp-content\/uploads\/2022\/05\/IMG_20220505_232954-1024x461.jpg\" alt=\"\" class=\"wp-image-1179\" srcset=\"https:\/\/tiempolibregdl.com\/wp-content\/uploads\/2022\/05\/IMG_20220505_232954-1024x461.jpg 1024w, https:\/\/tiempolibregdl.com\/wp-content\/uploads\/2022\/05\/IMG_20220505_232954-300x135.jpg 300w, https:\/\/tiempolibregdl.com\/wp-content\/uploads\/2022\/05\/IMG_20220505_232954-768x346.jpg 768w, https:\/\/tiempolibregdl.com\/wp-content\/uploads\/2022\/05\/IMG_20220505_232954-1536x691.jpg 1536w, https:\/\/tiempolibregdl.com\/wp-content\/uploads\/2022\/05\/IMG_20220505_232954-2048x922.jpg 2048w\" sizes=\"(max-width: 767px) 89vw, (max-width: 1000px) 54vw, (max-width: 1071px) 543px, 580px\" \/><\/figure>\n\n\n\n<figure class=\"wp-block-image size-large\"><img loading=\"lazy\" width=\"461\" height=\"1024\" src=\"https:\/\/tiempolibregdl.com\/wp-content\/uploads\/2022\/05\/IMG_20220505_234043-461x1024.jpg\" alt=\"\" class=\"wp-image-1180\" srcset=\"https:\/\/tiempolibregdl.com\/wp-content\/uploads\/2022\/05\/IMG_20220505_234043-461x1024.jpg 461w, https:\/\/tiempolibregdl.com\/wp-content\/uploads\/2022\/05\/IMG_20220505_234043-135x300.jpg 135w, https:\/\/tiempolibregdl.com\/wp-content\/uploads\/2022\/05\/IMG_20220505_234043-768x1707.jpg 768w, https:\/\/tiempolibregdl.com\/wp-content\/uploads\/2022\/05\/IMG_20220505_234043-691x1536.jpg 691w, https:\/\/tiempolibregdl.com\/wp-content\/uploads\/2022\/05\/IMG_20220505_234043-922x2048.jpg 922w, https:\/\/tiempolibregdl.com\/wp-content\/uploads\/2022\/05\/IMG_20220505_234043-scaled.jpg 1152w\" sizes=\"(max-width: 461px) 100vw, 461px\" \/><\/figure>\n\n\n\n<figure class=\"wp-block-video\"><video controls src=\"https:\/\/tiempolibregdl.com\/wp-content\/uploads\/2022\/05\/VID_20220505_223918.mp4\"><\/video><\/figure>\n","protected":false},"excerpt":{"rendered":"<p>#cobertura Sigur R\u00f3s inici\u00f3 su gira mundial en los escenarios mexicanos, y este 5 de Mayo concluy\u00f3 su estad\u00eda con un grandioso concierto que tuvo lugar en el Auditorio TELMEX, iniciando a las 9 de la noche, presentado por Ocesa. Momentos antes de su presentaci\u00f3n, tuvimos la oportunidad de apreciar la incre\u00edble escenograf\u00eda que exhib\u00eda &hellip; <\/p>\n<p class=\"link-more\"><a href=\"https:\/\/tiempolibregdl.com\/index.php\/2022\/05\/06\/sigur-ros-dejo-atonito-al-publico-en-guadalajara\/\" class=\"more-link\">Continuar leyendo<span class=\"screen-reader-text\"> &#8220;\u00a1Sigur R\u00f3s dej\u00f3 at\u00f3nito al p\u00fablico en Guadalajara!&#8221;<\/span><\/a><\/p>\n","protected":false},"author":8,"featured_media":0,"comment_status":"open","ping_status":"open","sticky":false,"template":"","format":"standard","meta":[],"categories":[12],"tags":[206,258,216,13,62,222,259,19,175,70,260,205],"_links":{"self":[{"href":"https:\/\/tiempolibregdl.com\/index.php\/wp-json\/wp\/v2\/posts\/1175"}],"collection":[{"href":"https:\/\/tiempolibregdl.com\/index.php\/wp-json\/wp\/v2\/posts"}],"about":[{"href":"https:\/\/tiempolibregdl.com\/index.php\/wp-json\/wp\/v2\/types\/post"}],"author":[{"embeddable":true,"href":"https:\/\/tiempolibregdl.com\/index.php\/wp-json\/wp\/v2\/users\/8"}],"replies":[{"embeddable":true,"href":"https:\/\/tiempolibregdl.com\/index.php\/wp-json\/wp\/v2\/comments?post=1175"}],"version-history":[{"count":1,"href":"https:\/\/tiempolibregdl.com\/index.php\/wp-json\/wp\/v2\/posts\/1175\/revisions"}],"predecessor-version":[{"id":1182,"href":"https:\/\/tiempolibregdl.com\/index.php\/wp-json\/wp\/v2\/posts\/1175\/revisions\/1182"}],"wp:attachment":[{"href":"https:\/\/tiempolibregdl.com\/index.php\/wp-json\/wp\/v2\/media?parent=1175"}],"wp:term":[{"taxonomy":"category","embeddable":true,"href":"https:\/\/tiempolibregdl.com\/index.php\/wp-json\/wp\/v2\/categories?post=1175"},{"taxonomy":"post_tag","embeddable":true,"href":"https:\/\/tiempolibregdl.com\/index.php\/wp-json\/wp\/v2\/tags?post=1175"}],"curies":[{"name":"wp","href":"https:\/\/api.w.org\/{rel}","templated":true}]}}