{"id":1265,"date":"2022-05-31T11:30:00","date_gmt":"2022-05-31T11:30:00","guid":{"rendered":"http:\/\/tiempolibregdl.com\/?p=1265"},"modified":"2022-05-31T17:44:44","modified_gmt":"2022-05-31T17:44:44","slug":"sharif-vito-y-lagrimas-de-sangre-llenan-de-sorpresas-y-alegrias-el-salon-bugambilias","status":"publish","type":"post","link":"https:\/\/tiempolibregdl.com\/index.php\/2022\/05\/31\/sharif-vito-y-lagrimas-de-sangre-llenan-de-sorpresas-y-alegrias-el-salon-bugambilias\/","title":{"rendered":"\u00a1Sharif, Vito y L\u00e1grimas de Sangre llenan de sorpresas y alegr\u00edas el Sal\u00f3n Bugambilias!"},"content":{"rendered":"\n<p>#COBERTURA<\/p>\n\n\n\n<p>El pasado 28 de junio del 2022 tuvimos el gusto de presenciar un incre\u00edble concierto con talentosos raperos de talla internacional y nacional en el Sal\u00f3n Bugambilias.<\/p>\n\n\n\n<p>Desde aproximadamente las 6 de la tarde, pod\u00eda verse una enorme cantidad de personas haciendo fila para entrar a las instalaciones. El evento inici\u00f3 al rededor de las 8pm con la presentaci\u00f3n de A.C.O un rapero y compositor procedente de Per\u00fa que cant\u00f3 temas variados durante poco m\u00e1s de media hora, consiguiendo conectar con el p\u00fablico y ganando nuevos seguidores por la calidad que present\u00f3.<\/p>\n\n\n\n<p>Seguido de \u00e9l, nos deleitamos con la presentaci\u00f3n de Vito quien fue bastante bien recibido por el p\u00fablico y no dej\u00f3 que la energ\u00eda bajara un s\u00f3lo segundo durante su presentaci\u00f3n junto con Acid Lemon mezclando temas de cr\u00edtica social con unos cuantos de amor y llev\u00e1ndose una gran cantidad de aplausos y gritos durante aproximadamente una hora.<\/p>\n\n\n\n<p>La siguiente presentaci\u00f3n fue por los esperados MCs de L\u00e1grimas de Sangre con Acid Lemon, quienes subieron la energ\u00eda y la buena vibra del p\u00fablico con canciones que hablan sobre disfrutar y celebrar la vida misma. El p\u00fablico coreaba las canciones mientras alzaban las manos al ritmo de los alegres beats y ped\u00edan por m\u00e1s.<\/p>\n\n\n\n<p>Tras estas c\u00e1lidas presentaciones, las personas se encontraban m\u00e1s que preparadas y emocionadas por ver a Sharif, quien nos sorprendi\u00f3 con incre\u00edbles invitados como Neto Pe\u00f1a, McKlopedia, Jos\u00e9 Macario y Yoss Bones cantando los nuevos temas donde colaboran como &#8220;Tequila y lim\u00f3n&#8221; y &#8220;Azul&#8221;. Por supuesto, Sharif por s\u00ed mismo interpret\u00f3 otras canciones de su m\u00e1s reciente \u00e1lbum &#8220;De inmensidades&#8221; como &#8220;Sed de Fuego&#8221;, &#8220;En Carne Viva&#8221;, &#8220;Lluevo&#8221; y &#8220;Migas de Pan&#8221; as\u00ed como algunas de sus canciones m\u00e1s conocidas como &#8220;El Escritor&#8221;, &#8220;El callej\u00f3n de los milagros&#8221; y &#8220;Me equivoqu\u00e9&#8221; y cerrando con la mayor euforia del p\u00fablico al cantar &#8220;Del Recuerdo&#8221; y pidiendo que se coreara fuerte para que llegara hasta Mxrgxn que lamentablemente no pudo presentarse en esta ocasi\u00f3n.<\/p>\n\n\n\n<p>Una noche llena de emociones, de gritos, de aplausos, de manos alzadas al aire al ritmo de cada canci\u00f3n, de sorpresas y de un p\u00fablico m\u00e1s que satisfecho y deleitado por las grandes l\u00edricas y energ\u00eda que cada MC derroch\u00f3 en el escenario.<\/p>\n\n\n\n<p>Les compartimos un breve resumen de la noche a continuaci\u00f3n:<\/p>\n\n\n\n<figure class=\"wp-block-embed is-type-video is-provider-youtube wp-block-embed-youtube wp-embed-aspect-16-9 wp-has-aspect-ratio\"><div class=\"wp-block-embed__wrapper\">\n<iframe loading=\"lazy\" title=\"\u00a1Sharif, Vito y L\u00e1grimas de Sangre en Guadalajara!\" width=\"525\" height=\"295\" src=\"https:\/\/www.youtube.com\/embed\/se9Q3yE5cZE?feature=oembed\" frameborder=\"0\" allow=\"accelerometer; autoplay; clipboard-write; encrypted-media; gyroscope; picture-in-picture\" allowfullscreen><\/iframe>\n<\/div><\/figure>\n","protected":false},"excerpt":{"rendered":"<p>#COBERTURA El pasado 28 de junio del 2022 tuvimos el gusto de presenciar un incre\u00edble concierto con talentosos raperos de talla internacional y nacional en el Sal\u00f3n Bugambilias. Desde aproximadamente las 6 de la tarde, pod\u00eda verse una enorme cantidad de personas haciendo fila para entrar a las instalaciones. El evento inici\u00f3 al rededor de &hellip; <\/p>\n<p class=\"link-more\"><a href=\"https:\/\/tiempolibregdl.com\/index.php\/2022\/05\/31\/sharif-vito-y-lagrimas-de-sangre-llenan-de-sorpresas-y-alegrias-el-salon-bugambilias\/\" class=\"more-link\">Continuar leyendo<span class=\"screen-reader-text\"> &#8220;\u00a1Sharif, Vito y L\u00e1grimas de Sangre llenan de sorpresas y alegr\u00edas el Sal\u00f3n Bugambilias!&#8221;<\/span><\/a><\/p>\n","protected":false},"author":8,"featured_media":1267,"comment_status":"open","ping_status":"open","sticky":false,"template":"","format":"standard","meta":[],"categories":[12],"tags":[226,284,285,13,168,62,37,290,270,269,36,289,291,286,275,287,288],"_links":{"self":[{"href":"https:\/\/tiempolibregdl.com\/index.php\/wp-json\/wp\/v2\/posts\/1265"}],"collection":[{"href":"https:\/\/tiempolibregdl.com\/index.php\/wp-json\/wp\/v2\/posts"}],"about":[{"href":"https:\/\/tiempolibregdl.com\/index.php\/wp-json\/wp\/v2\/types\/post"}],"author":[{"embeddable":true,"href":"https:\/\/tiempolibregdl.com\/index.php\/wp-json\/wp\/v2\/users\/8"}],"replies":[{"embeddable":true,"href":"https:\/\/tiempolibregdl.com\/index.php\/wp-json\/wp\/v2\/comments?post=1265"}],"version-history":[{"count":1,"href":"https:\/\/tiempolibregdl.com\/index.php\/wp-json\/wp\/v2\/posts\/1265\/revisions"}],"predecessor-version":[{"id":1266,"href":"https:\/\/tiempolibregdl.com\/index.php\/wp-json\/wp\/v2\/posts\/1265\/revisions\/1266"}],"wp:featuredmedia":[{"embeddable":true,"href":"https:\/\/tiempolibregdl.com\/index.php\/wp-json\/wp\/v2\/media\/1267"}],"wp:attachment":[{"href":"https:\/\/tiempolibregdl.com\/index.php\/wp-json\/wp\/v2\/media?parent=1265"}],"wp:term":[{"taxonomy":"category","embeddable":true,"href":"https:\/\/tiempolibregdl.com\/index.php\/wp-json\/wp\/v2\/categories?post=1265"},{"taxonomy":"post_tag","embeddable":true,"href":"https:\/\/tiempolibregdl.com\/index.php\/wp-json\/wp\/v2\/tags?post=1265"}],"curies":[{"name":"wp","href":"https:\/\/api.w.org\/{rel}","templated":true}]}}