{"id":1329,"date":"2022-06-28T16:04:40","date_gmt":"2022-06-28T16:04:40","guid":{"rendered":"http:\/\/tiempolibregdl.com\/?p=1329"},"modified":"2022-06-28T16:04:42","modified_gmt":"2022-06-28T16:04:42","slug":"entrevista-jos-canela-comparte-con-nosotros-su-vision-musical","status":"publish","type":"post","link":"https:\/\/tiempolibregdl.com\/index.php\/2022\/06\/28\/entrevista-jos-canela-comparte-con-nosotros-su-vision-musical\/","title":{"rendered":"#Entrevista. Jos Canela comparte con nosotros su visi\u00f3n musical."},"content":{"rendered":"\n<p>Este 02 de Julio Jos Canela se presenta en @c3stage con su &#8220;WOW Tour&#8221; y tuvimos la oportunidad de entrevistarlo. Te dejamos una breve rese\u00f1a de su carrera antes de la charla que tuvimos con \u00e9l.<\/p>\n\n\n\n<p><\/p>\n\n\n\n<p>Jos Canela es un cantante y compositor originario de la Ciudad de M\u00e9xico. Luego de fundar y ser miembro destacado de CD9, uno de los m\u00e1s grandes fen\u00f3menos juveniles de la escena latinoamericana de los \u00faltimos a\u00f1os, inicia su carrera solista este 2020. Jos comenz\u00f3 su trayectoria en 2011 cuando junto a su amigo Alonso Villalpando da forma a CD9, banda a la que pronto se sumar\u00edan nuevos integrantes y con los que lanz\u00f3 tres \u00e1lbumes CD9 (2014) [certificado Doble Platino], Evolution (2016) [Platino + Oro] y 1.0 (2018) [Platino]. Con estas producciones la banda dio una envidiable cantidad de shows sold out en venues de la talla del Teatro Metrop\u00f3litan, el Auditorio Nacional, la Arena Monterrey y la Arena CDMX. Acerca de Jos Canela: \u00b7 <\/p>\n\n\n\n<p><\/p>\n\n\n\n<p>M\u00e1s de 7 a\u00f1os de experiencia dentro de la industria musical como fundador de uno de los proyectos m\u00e1s exitosos de la m\u00fasica juvenil en Latinoam\u00e9rica. Ha colaborado con estrellas internacionales como Abraham Mateo, Crayon Pop, Lali, Ana Mena, Juhn, entre otras. \u00b7 Se ha presentado en festivales de miles de espectadores y en venues de la talla del Teatro Metrop\u00f3litan, Auditorio Nacional, Arena Monterrey y la Arena CDMX. Le anteceden 3 \u00e1lbumes de estudio (Platino, Platino + Oro y Doble Platino) con m\u00e1s de 484M de reproducciones tan s\u00f3lo en YouTube. <\/p>\n\n\n\n<p><\/p>\n\n\n\n<p>Acreedor a un Guinness World Records por el mayor n\u00famero de discos firmados consecutivamente por un artista. \u00b7 En 2017 lanza junto a sus compa\u00f1eros de CD9 uno de los libros m\u00e1s vendidos de ese a\u00f1o: Nuestra historia. En \u00e9ste el joven deja testimonio de su recorrido por la m\u00fasica hasta entonces, todo bajo el respaldo de la editorial Altea (Penguin Random House). Fue int\u00e9rprete de un tema original para la pel\u00edcula Las Tortugas Ninja 2: Fuera de las Sombras para M\u00e9xico y Latinoam\u00e9rica. Jos Canela se posiciona como artista pop independiente, marcando su propio camino con pasos firmes. Desde que inici\u00f3 su carrera como solista, Jos ha logrado posicionar cuatro sencillos en plataformas digitales: \u201cDime t\u00fa\u201d, \u201cLento\u201d, \u201cFresh\u201d y \u201cNo eres t\u00fa, soy yo\u201d, con m\u00e1s de 3.5 millones de reproducciones. Jos Canela seguir\u00e1 construyendo su carrera musical de forma independiente.<\/p>\n\n\n\n<p>BOLETOS EN L\u00cdNEA: <a href=\"https:\/\/www.youtube.com\/redirect?event=video_description&amp;redir_token=QUFFLUhqbWlSek1lSFZSWXJOdUI3bzZSQmU5T3ZIQ0tjUXxBQ3Jtc0trRXdmbVRBT1lQVXpNVExyNWd4X1dtd0tWNzdZN05laWhZbldmaUR0SGpKOXhDa0FGSWFuNXA1QTNtdEJTSndGbjZEeFV5YnhKZ3BhbjFWbWppZVptN0J6UzdxLXAyUzQ4TjIzcUcwNUttZ2hiLVVBNA&amp;q=https%3A%2F%2Fbit.ly%2F3NJiLUw&amp;v=VvjeSI4_ECY\" rel=\"noreferrer noopener\" target=\"_blank\">https:\/\/bit.ly\/3NJiLUw<\/a> y en taquilla de C3.<\/p>\n\n\n\n<p><\/p>\n\n\n\n<figure class=\"wp-block-embed is-type-video is-provider-youtube wp-block-embed-youtube wp-embed-aspect-16-9 wp-has-aspect-ratio\"><div class=\"wp-block-embed__wrapper\">\n<iframe loading=\"lazy\" title=\"Entrevista con Jos Canela\" width=\"525\" height=\"295\" src=\"https:\/\/www.youtube.com\/embed\/VvjeSI4_ECY?start=2&#038;feature=oembed\" frameborder=\"0\" allow=\"accelerometer; autoplay; clipboard-write; encrypted-media; gyroscope; picture-in-picture\" allowfullscreen><\/iframe>\n<\/div><\/figure>\n","protected":false},"excerpt":{"rendered":"<p>Este 02 de Julio Jos Canela se presenta en @c3stage con su &#8220;WOW Tour&#8221; y tuvimos la oportunidad de entrevistarlo. Te dejamos una breve rese\u00f1a de su carrera antes de la charla que tuvimos con \u00e9l. Jos Canela es un cantante y compositor originario de la Ciudad de M\u00e9xico. Luego de fundar y ser miembro &hellip; <\/p>\n<p class=\"link-more\"><a href=\"https:\/\/tiempolibregdl.com\/index.php\/2022\/06\/28\/entrevista-jos-canela-comparte-con-nosotros-su-vision-musical\/\" class=\"more-link\">Continuar leyendo<span class=\"screen-reader-text\"> &#8220;#Entrevista. Jos Canela comparte con nosotros su visi\u00f3n musical.&#8221;<\/span><\/a><\/p>\n","protected":false},"author":3,"featured_media":1330,"comment_status":"open","ping_status":"open","sticky":false,"template":"","format":"standard","meta":[],"categories":[1],"tags":[],"_links":{"self":[{"href":"https:\/\/tiempolibregdl.com\/index.php\/wp-json\/wp\/v2\/posts\/1329"}],"collection":[{"href":"https:\/\/tiempolibregdl.com\/index.php\/wp-json\/wp\/v2\/posts"}],"about":[{"href":"https:\/\/tiempolibregdl.com\/index.php\/wp-json\/wp\/v2\/types\/post"}],"author":[{"embeddable":true,"href":"https:\/\/tiempolibregdl.com\/index.php\/wp-json\/wp\/v2\/users\/3"}],"replies":[{"embeddable":true,"href":"https:\/\/tiempolibregdl.com\/index.php\/wp-json\/wp\/v2\/comments?post=1329"}],"version-history":[{"count":1,"href":"https:\/\/tiempolibregdl.com\/index.php\/wp-json\/wp\/v2\/posts\/1329\/revisions"}],"predecessor-version":[{"id":1331,"href":"https:\/\/tiempolibregdl.com\/index.php\/wp-json\/wp\/v2\/posts\/1329\/revisions\/1331"}],"wp:featuredmedia":[{"embeddable":true,"href":"https:\/\/tiempolibregdl.com\/index.php\/wp-json\/wp\/v2\/media\/1330"}],"wp:attachment":[{"href":"https:\/\/tiempolibregdl.com\/index.php\/wp-json\/wp\/v2\/media?parent=1329"}],"wp:term":[{"taxonomy":"category","embeddable":true,"href":"https:\/\/tiempolibregdl.com\/index.php\/wp-json\/wp\/v2\/categories?post=1329"},{"taxonomy":"post_tag","embeddable":true,"href":"https:\/\/tiempolibregdl.com\/index.php\/wp-json\/wp\/v2\/tags?post=1329"}],"curies":[{"name":"wp","href":"https:\/\/api.w.org\/{rel}","templated":true}]}}