{"id":1797,"date":"2023-03-02T18:57:00","date_gmt":"2023-03-02T18:57:00","guid":{"rendered":"http:\/\/tiempolibregdl.com\/?p=1797"},"modified":"2023-03-08T19:06:06","modified_gmt":"2023-03-08T19:06:06","slug":"opinion-ellas-hablan-el-ejemplo-perfecto-del-fem-rage","status":"publish","type":"post","link":"https:\/\/tiempolibregdl.com\/index.php\/2023\/03\/02\/opinion-ellas-hablan-el-ejemplo-perfecto-del-fem-rage\/","title":{"rendered":"#Opini\u00f3n. Ellas hablan: el ejemplo perfecto del fem rage."},"content":{"rendered":"\n<p>La directora Sarah Polley nos reuni\u00f3 a todos en el 2010. Estuvimos dentro de una colonia religiosa donde se detuvo el tiempo en una \u00e9poca donde la medicina moderna no ten\u00eda lugar, ni el acceso a la educaci\u00f3n de las mujeres y donde se comet\u00edan todo tipo de atrocidades en el nombre de Dios.<\/p>\n\n\n\n<figure class=\"wp-block-table\"><table><tbody><tr><td>Esta cinta cuenta con un espectacular elenco conformado por&nbsp;<strong>Rooney Mara<\/strong>&nbsp;(<em>Carol<\/em>),&nbsp;<strong>Jessie Buckley<\/strong>&nbsp;(<em>La Hija Oscura<\/em>),&nbsp;<strong>Judith Ivey<\/strong>&nbsp;(<em>Banderas de nuestros padres<\/em>), con los ganadores del Emmy\u00ae,&nbsp;<strong>Claire Foy<\/strong>&nbsp;(serie&nbsp;<em>The Crown<\/em>) y&nbsp;<strong>Ben Whishaw<\/strong>&nbsp;(serie&nbsp;<em>Un Esc\u00e1ndalo Muy Ingl\u00e9s<\/em>) y la ganadora del Oscar<strong>&nbsp;Frances McDormand<\/strong>&nbsp;(<em>Nomadland<\/em>).<br><br>En&nbsp;esta impactante pel\u00edcula conoceremos a un grupo de mujeres, quienes durante el a\u00f1o 2010 se enfrentaron a la decisi\u00f3n m\u00e1s importante respecto a su futuro y el de sus hijos. Tras ser v\u00edctimas constantes de violencia f\u00edsica, sexual y psicol\u00f3gica, tendr\u00e1n tres opciones: mantener las cosas como est\u00e1n, quedarse y pelear contra los hombres o abandonar la comunidad para empezar una nueva vida.<\/td><\/tr><\/tbody><\/table><\/figure>\n\n\n\n<figure class=\"wp-block-gallery columns-3 is-cropped\"><ul class=\"blocks-gallery-grid\"><li class=\"blocks-gallery-item\"><figure><img loading=\"lazy\" width=\"1024\" height=\"576\" src=\"https:\/\/tiempolibregdl.com\/wp-content\/uploads\/2023\/03\/ellas-hablan-donde-ver-estreno-1674747993-1024x576.jpeg\" alt=\"\" data-id=\"1803\" data-full-url=\"https:\/\/tiempolibregdl.com\/wp-content\/uploads\/2023\/03\/ellas-hablan-donde-ver-estreno-1674747993.jpeg\" data-link=\"https:\/\/tiempolibregdl.com\/?attachment_id=1803\" class=\"wp-image-1803\" srcset=\"https:\/\/tiempolibregdl.com\/wp-content\/uploads\/2023\/03\/ellas-hablan-donde-ver-estreno-1674747993-1024x576.jpeg 1024w, https:\/\/tiempolibregdl.com\/wp-content\/uploads\/2023\/03\/ellas-hablan-donde-ver-estreno-1674747993-300x169.jpeg 300w, https:\/\/tiempolibregdl.com\/wp-content\/uploads\/2023\/03\/ellas-hablan-donde-ver-estreno-1674747993-768x432.jpeg 768w, https:\/\/tiempolibregdl.com\/wp-content\/uploads\/2023\/03\/ellas-hablan-donde-ver-estreno-1674747993.jpeg 1200w\" sizes=\"(max-width: 767px) 89vw, (max-width: 1000px) 54vw, (max-width: 1071px) 543px, 580px\" \/><\/figure><\/li><li class=\"blocks-gallery-item\"><figure><img loading=\"lazy\" width=\"1024\" height=\"576\" src=\"https:\/\/tiempolibregdl.com\/wp-content\/uploads\/2023\/03\/ellas-hablan-peli-cula-1675762269-1024x576.jpg\" alt=\"\" data-id=\"1801\" data-full-url=\"https:\/\/tiempolibregdl.com\/wp-content\/uploads\/2023\/03\/ellas-hablan-peli-cula-1675762269.jpg\" data-link=\"https:\/\/tiempolibregdl.com\/?attachment_id=1801\" class=\"wp-image-1801\" srcset=\"https:\/\/tiempolibregdl.com\/wp-content\/uploads\/2023\/03\/ellas-hablan-peli-cula-1675762269-1024x576.jpg 1024w, https:\/\/tiempolibregdl.com\/wp-content\/uploads\/2023\/03\/ellas-hablan-peli-cula-1675762269-300x169.jpg 300w, https:\/\/tiempolibregdl.com\/wp-content\/uploads\/2023\/03\/ellas-hablan-peli-cula-1675762269-768x432.jpg 768w, https:\/\/tiempolibregdl.com\/wp-content\/uploads\/2023\/03\/ellas-hablan-peli-cula-1675762269.jpg 1200w\" sizes=\"(max-width: 767px) 89vw, (max-width: 1000px) 54vw, (max-width: 1071px) 543px, 580px\" \/><\/figure><\/li><li class=\"blocks-gallery-item\"><figure><img loading=\"lazy\" width=\"1024\" height=\"683\" src=\"https:\/\/tiempolibregdl.com\/wp-content\/uploads\/2023\/03\/Ellas_hablan-458036578-large-1024x683.jpg\" alt=\"\" data-id=\"1800\" data-full-url=\"https:\/\/tiempolibregdl.com\/wp-content\/uploads\/2023\/03\/Ellas_hablan-458036578-large.jpg\" data-link=\"https:\/\/tiempolibregdl.com\/?attachment_id=1800\" class=\"wp-image-1800\" srcset=\"https:\/\/tiempolibregdl.com\/wp-content\/uploads\/2023\/03\/Ellas_hablan-458036578-large-1024x683.jpg 1024w, https:\/\/tiempolibregdl.com\/wp-content\/uploads\/2023\/03\/Ellas_hablan-458036578-large-300x200.jpg 300w, https:\/\/tiempolibregdl.com\/wp-content\/uploads\/2023\/03\/Ellas_hablan-458036578-large-768x512.jpg 768w, https:\/\/tiempolibregdl.com\/wp-content\/uploads\/2023\/03\/Ellas_hablan-458036578-large-1536x1025.jpg 1536w, https:\/\/tiempolibregdl.com\/wp-content\/uploads\/2023\/03\/Ellas_hablan-458036578-large.jpg 1799w\" sizes=\"(max-width: 767px) 89vw, (max-width: 1000px) 54vw, (max-width: 1071px) 543px, 580px\" \/><\/figure><\/li><li class=\"blocks-gallery-item\"><figure><img loading=\"lazy\" width=\"1024\" height=\"512\" src=\"https:\/\/tiempolibregdl.com\/wp-content\/uploads\/2023\/03\/65HS6UEJABFJVBKOITMLXZZJQ4-1024x512.png\" alt=\"\" data-id=\"1798\" data-full-url=\"https:\/\/tiempolibregdl.com\/wp-content\/uploads\/2023\/03\/65HS6UEJABFJVBKOITMLXZZJQ4.png\" data-link=\"https:\/\/tiempolibregdl.com\/?attachment_id=1798\" class=\"wp-image-1798\" srcset=\"https:\/\/tiempolibregdl.com\/wp-content\/uploads\/2023\/03\/65HS6UEJABFJVBKOITMLXZZJQ4-1024x512.png 1024w, https:\/\/tiempolibregdl.com\/wp-content\/uploads\/2023\/03\/65HS6UEJABFJVBKOITMLXZZJQ4-300x150.png 300w, https:\/\/tiempolibregdl.com\/wp-content\/uploads\/2023\/03\/65HS6UEJABFJVBKOITMLXZZJQ4-768x384.png 768w, https:\/\/tiempolibregdl.com\/wp-content\/uploads\/2023\/03\/65HS6UEJABFJVBKOITMLXZZJQ4-1536x768.png 1536w, https:\/\/tiempolibregdl.com\/wp-content\/uploads\/2023\/03\/65HS6UEJABFJVBKOITMLXZZJQ4.png 2000w\" sizes=\"(max-width: 767px) 89vw, (max-width: 1000px) 54vw, (max-width: 1071px) 543px, 580px\" \/><\/figure><\/li><\/ul><\/figure>\n\n\n\n<p>Escuchamos a mujeres de todos tipos de pensamiento (a\u00fan perteneciendo a una misma comunidad) y fue impresionante como el gui\u00f3n jug\u00f3 un papel importante como abogado del diablo.<\/p>\n\n\n\n<p>Se manifest\u00f3 de una manera bell\u00edsima como la contrariedad de los unos es verdad para otros y viceversa, as\u00ed como fue incre\u00edble ver a Rooney Mara en otro papel que seguramente ser\u00e1 parte de un marcaje a quienes tambi\u00e9n puedan ir a ver Ellas hablan.<\/p>\n\n\n\n<p>Por primera vez en a\u00f1os, supimos la verdadera definici\u00f3n de abogado del diablo en el gui\u00f3n de una pel\u00edcula. Una trama que nos hace apreciar todas las posturas, que duele en la introspecci\u00f3n, que es una maravilla visual\u2026 espectacular. No sorprenden tantas nominaciones, fue un verdadero espect\u00e1culo.<\/p>\n\n\n\n<p>\u00bfA\u00fan no ves el trailer?<br><br><\/p>\n\n\n\n<figure class=\"wp-block-embed is-type-video is-provider-youtube wp-block-embed-youtube wp-embed-aspect-16-9 wp-has-aspect-ratio\"><div class=\"wp-block-embed__wrapper\">\n<iframe loading=\"lazy\" title=\"Ellas hablan | Tr\u00e1iler Oficial\" width=\"525\" height=\"295\" src=\"https:\/\/www.youtube.com\/embed\/LcmzQdoZF5I?feature=oembed\" frameborder=\"0\" allow=\"accelerometer; autoplay; clipboard-write; encrypted-media; gyroscope; picture-in-picture; web-share\" allowfullscreen><\/iframe>\n<\/div><\/figure>\n","protected":false},"excerpt":{"rendered":"<p>La directora Sarah Polley nos reuni\u00f3 a todos en el 2010. Estuvimos dentro de una colonia religiosa donde se detuvo el tiempo en una \u00e9poca donde la medicina moderna no ten\u00eda lugar, ni el acceso a la educaci\u00f3n de las mujeres y donde se comet\u00edan todo tipo de atrocidades en el nombre de Dios. Esta &hellip; <\/p>\n<p class=\"link-more\"><a href=\"https:\/\/tiempolibregdl.com\/index.php\/2023\/03\/02\/opinion-ellas-hablan-el-ejemplo-perfecto-del-fem-rage\/\" class=\"more-link\">Continuar leyendo<span class=\"screen-reader-text\"> &#8220;#Opini\u00f3n. Ellas hablan: el ejemplo perfecto del fem rage.&#8221;<\/span><\/a><\/p>\n","protected":false},"author":3,"featured_media":1802,"comment_status":"open","ping_status":"open","sticky":false,"template":"","format":"standard","meta":[],"categories":[1],"tags":[],"_links":{"self":[{"href":"https:\/\/tiempolibregdl.com\/index.php\/wp-json\/wp\/v2\/posts\/1797"}],"collection":[{"href":"https:\/\/tiempolibregdl.com\/index.php\/wp-json\/wp\/v2\/posts"}],"about":[{"href":"https:\/\/tiempolibregdl.com\/index.php\/wp-json\/wp\/v2\/types\/post"}],"author":[{"embeddable":true,"href":"https:\/\/tiempolibregdl.com\/index.php\/wp-json\/wp\/v2\/users\/3"}],"replies":[{"embeddable":true,"href":"https:\/\/tiempolibregdl.com\/index.php\/wp-json\/wp\/v2\/comments?post=1797"}],"version-history":[{"count":1,"href":"https:\/\/tiempolibregdl.com\/index.php\/wp-json\/wp\/v2\/posts\/1797\/revisions"}],"predecessor-version":[{"id":1804,"href":"https:\/\/tiempolibregdl.com\/index.php\/wp-json\/wp\/v2\/posts\/1797\/revisions\/1804"}],"wp:featuredmedia":[{"embeddable":true,"href":"https:\/\/tiempolibregdl.com\/index.php\/wp-json\/wp\/v2\/media\/1802"}],"wp:attachment":[{"href":"https:\/\/tiempolibregdl.com\/index.php\/wp-json\/wp\/v2\/media?parent=1797"}],"wp:term":[{"taxonomy":"category","embeddable":true,"href":"https:\/\/tiempolibregdl.com\/index.php\/wp-json\/wp\/v2\/categories?post=1797"},{"taxonomy":"post_tag","embeddable":true,"href":"https:\/\/tiempolibregdl.com\/index.php\/wp-json\/wp\/v2\/tags?post=1797"}],"curies":[{"name":"wp","href":"https:\/\/api.w.org\/{rel}","templated":true}]}}