{"id":223,"date":"2020-03-11T17:42:12","date_gmt":"2020-03-11T17:42:12","guid":{"rendered":"http:\/\/tiempolibregdl.com\/?p=223"},"modified":"2020-03-11T17:42:13","modified_gmt":"2020-03-11T17:42:13","slug":"la-dama-de-negro-hara-temblar-a-la-ciudad","status":"publish","type":"post","link":"https:\/\/tiempolibregdl.com\/index.php\/2020\/03\/11\/la-dama-de-negro-hara-temblar-a-la-ciudad\/","title":{"rendered":"La Dama de Negro har\u00e1 temblar a la ciudad"},"content":{"rendered":"\n<p>\u00bfSab\u00edas que <a href=\"https:\/\/www.facebook.com\/LADAMADENEGROMX\/?__tn__=K-R&amp;eid=ARD-Kf6mXdhhpm46wIRxqbXXWQPanHsMVQaRsDEkBl5VHXsS3SyaGq-QiF1blRNH3_98YDb8acpoiFyJ&amp;fref=mentions&amp;__xts__%5B0%5D=68.ARBNAtKJGTyNx6FQMHX-Vo4sdFub0hAefTG4uBF54IQ-qkIUZW1oNI2UAzgZgg7OAGv8GiHJK-WXQwW-WbJf1xVeDlSJWNz903tS7zR3JqATQWRyjou9JTd2nlDGEymQk1CmGdj93qoLfgRNWfXIIO8bgZAJyZe9XuD4Sz9SlQlAnHHjDA06K-EFwMi3fS10ZQjMcdk5JZ5sSfnxonYiyLlYEM8S_n7SAErFIlklxJm8O0_tIbvNQSslz5zHEWMDssZAgFokM_XJR14IFvGTCLbn-h9EEKOEwZIaj5cN98LUmAdRJ3XscXo3A7bG2z-XkB32qOKmLsxYnMQFqBCuvFH9B3M8-758-LzF4dmo\" target=\"_blank\" rel=\"noopener\">La Dama de Negro<\/a> super\u00f3 todas las expectativas en 1994 cuando se presentaron por primera vez, tras ser criticados por adentrarse en el g\u00e9nero de terror en una obra teatral?<\/p>\n\n\n\n<p> Pues as\u00ed fue, ya que no se cre\u00eda posible generar miedo en los asistentes haciendo teatro dentro del teatro y mucho menos en ese g\u00e9nero tan poco com\u00fan para la fecha.<\/p>\n\n\n\n<p> Pero 26 a\u00f1os ininterrumpidos y 7,171 funciones la han consolidado una de las obras m\u00e1s longevas y queridas por el p\u00fablico mexicano generaci\u00f3n tras generaci\u00f3n.<\/p>\n\n\n\n<p> En dos d\u00edas se sumar\u00e1n m\u00e1s funciones a la lista y el <a href=\"https:\/\/www.facebook.com\/TeatroGaleriasMX\/?__tn__=K-R&amp;eid=ARAXdkbz96cQmElqlC8j5WZrgD5ojcvIc3l--lvGyeP4EQFYoPfwn3X8YTrjtt7L-R7HYn-3swlQb34s&amp;fref=mentions&amp;__xts__%5B0%5D=68.ARBNAtKJGTyNx6FQMHX-Vo4sdFub0hAefTG4uBF54IQ-qkIUZW1oNI2UAzgZgg7OAGv8GiHJK-WXQwW-WbJf1xVeDlSJWNz903tS7zR3JqATQWRyjou9JTd2nlDGEymQk1CmGdj93qoLfgRNWfXIIO8bgZAJyZe9XuD4Sz9SlQlAnHHjDA06K-EFwMi3fS10ZQjMcdk5JZ5sSfnxonYiyLlYEM8S_n7SAErFIlklxJm8O0_tIbvNQSslz5zHEWMDssZAgFokM_XJR14IFvGTCLbn-h9EEKOEwZIaj5cN98LUmAdRJ3XscXo3A7bG2z-XkB32qOKmLsxYnMQFqBCuvFH9B3M8-758-LzF4dmo\" target=\"_blank\" rel=\"noopener\">Teatro Galer\u00edas<\/a> ser\u00e1 quien tiemble y grite con su presencia, ya que ning\u00fan asistente se salvar\u00e1 de sentir el terror de esta emblem\u00e1tica dama.<\/p>\n\n\n\n<p> \u00bfVan a venir o tienen miedo?<\/p>\n\n\n\n<p> \ud83d\udcc6 13 &#8211; 15 Marzo<br> \ud83d\udccd Teatro Galer\u00edas, Av. Lapizl\u00e1zuli #3445<br> \ud83d\udd70 Viernes 13 &#8211; 19:00 y 21:30 hrs<br> \ud83d\udd70 S\u00e1bado 14 &#8211; 18:00 y 21:00 hrs<br> \ud83d\udd70 Domingo 15 &#8211; 17:00 y 19:30 hrs<br> \ud83c\udf9f Boletos: <a href=\"https:\/\/www.ticketmaster.com.mx\/search?q=la+dama+de+negro&amp;fbclid=IwAR3R7i3QSptrVVOksAzFfHK2QekRf1jDaKCdeqAD-C1r8LpLhD7IngMH1Qo\" target=\"_blank\" rel=\"noreferrer noopener\">https:\/\/www.ticketmaster.com.mx\/search?q=la+dama+de+negro<\/a> o en taquillas del teatro.<\/p>\n\n\n\n<p> Promoci\u00f3n boletos 2&#215;1* para estudiantes, maestros y 3ra edad presentando credencial vigente, \u00fanicamente adquiriendo en taquillas del Teatro Galer\u00edas. *Aplican Restricciones.<\/p>\n\n\n\n<figure class=\"wp-block-video\"><video controls src=\"https:\/\/tiempolibregdl.com\/wp-content\/uploads\/2020\/03\/Video_DamaDeNegro-2.mp4\"><\/video><\/figure>\n","protected":false},"excerpt":{"rendered":"<p>\u00bfSab\u00edas que La Dama de Negro super\u00f3 todas las expectativas en 1994 cuando se presentaron por primera vez, tras ser criticados por adentrarse en el g\u00e9nero de terror en una obra teatral? Pues as\u00ed fue, ya que no se cre\u00eda posible generar miedo en los asistentes haciendo teatro dentro del teatro y mucho menos en &hellip; <\/p>\n<p class=\"link-more\"><a href=\"https:\/\/tiempolibregdl.com\/index.php\/2020\/03\/11\/la-dama-de-negro-hara-temblar-a-la-ciudad\/\" class=\"more-link\">Continuar leyendo<span class=\"screen-reader-text\"> &#8220;La Dama de Negro har\u00e1 temblar a la ciudad&#8221;<\/span><\/a><\/p>\n","protected":false},"author":8,"featured_media":0,"comment_status":"open","ping_status":"open","sticky":false,"template":"","format":"standard","meta":[],"categories":[10],"tags":[49,37,50,20,51,21],"_links":{"self":[{"href":"https:\/\/tiempolibregdl.com\/index.php\/wp-json\/wp\/v2\/posts\/223"}],"collection":[{"href":"https:\/\/tiempolibregdl.com\/index.php\/wp-json\/wp\/v2\/posts"}],"about":[{"href":"https:\/\/tiempolibregdl.com\/index.php\/wp-json\/wp\/v2\/types\/post"}],"author":[{"embeddable":true,"href":"https:\/\/tiempolibregdl.com\/index.php\/wp-json\/wp\/v2\/users\/8"}],"replies":[{"embeddable":true,"href":"https:\/\/tiempolibregdl.com\/index.php\/wp-json\/wp\/v2\/comments?post=223"}],"version-history":[{"count":1,"href":"https:\/\/tiempolibregdl.com\/index.php\/wp-json\/wp\/v2\/posts\/223\/revisions"}],"predecessor-version":[{"id":225,"href":"https:\/\/tiempolibregdl.com\/index.php\/wp-json\/wp\/v2\/posts\/223\/revisions\/225"}],"wp:attachment":[{"href":"https:\/\/tiempolibregdl.com\/index.php\/wp-json\/wp\/v2\/media?parent=223"}],"wp:term":[{"taxonomy":"category","embeddable":true,"href":"https:\/\/tiempolibregdl.com\/index.php\/wp-json\/wp\/v2\/categories?post=223"},{"taxonomy":"post_tag","embeddable":true,"href":"https:\/\/tiempolibregdl.com\/index.php\/wp-json\/wp\/v2\/tags?post=223"}],"curies":[{"name":"wp","href":"https:\/\/api.w.org\/{rel}","templated":true}]}}