{"id":2655,"date":"2025-02-11T23:47:56","date_gmt":"2025-02-11T23:47:56","guid":{"rendered":"https:\/\/tiempolibregdl.com\/?p=2655"},"modified":"2025-02-11T23:47:58","modified_gmt":"2025-02-11T23:47:58","slug":"mon-laferte-se-suma-al-poramerica-latitudes","status":"publish","type":"post","link":"https:\/\/tiempolibregdl.com\/index.php\/2025\/02\/11\/mon-laferte-se-suma-al-poramerica-latitudes\/","title":{"rendered":"Mon Laferte se suma al PorAm\u00e9rica Latitudes"},"content":{"rendered":"\n<p><strong>La sorpresa que no pod\u00eda faltar en PortAm\u00e9rica Latitudes: Mon Laferte<\/strong><\/p>\n\n\n\n<p>A pocas semanas de la tercera edici\u00f3n de\u00a0PortAm\u00e9rica Latitudes, el festival que culminar\u00e1 la d\u00e9cima edici\u00f3n de la\u00a0Feria Internacional de la M\u00fasica de Guadalajara (FIM GDL), tenemos el honor de compartir una noticia que emocionar\u00e1 a los amantes de la m\u00fasica y el arte:\u00a0Mon Laferteser\u00e1 parte de esta experiencia \u00fanica. Reconocida como una de las artistas m\u00e1s influyentes de nuestra \u00e9poca, Mon Laferte no solo participar\u00e1 en la exposici\u00f3n\u00a0<em>Recolectoras\u00a0<\/em>y en el homenaje a\u00a0Violeta Parra, \u00edcono del folclore latinoamericano, sino que tambi\u00e9n ser\u00e1 una de las figuras centrales en la gran fiesta de clausura de la FIM GDL.<\/p>\n\n\n\n<p>Este a\u00f1o, la feria celebra la uni\u00f3n de dos mujeres que, aunque pertenecen a \u00e9pocas distintas, han dejado una huella imborrable en la historia del arte y la m\u00fasica. A trav\u00e9s de su transdisciplinariedad, ambas han tejido mundos que trascienden fronteras y generaciones. La presencia de Mon Laferte en PortAm\u00e9rica Latitudes no solo refuerza su conexi\u00f3n con la m\u00fasica de ra\u00edz y la exploraci\u00f3n de nuevas sonoridades, sino que tambi\u00e9n subraya el esp\u00edritu del festival, donde la tradici\u00f3n y la vanguardia convergen en un mismo escenario.<\/p>\n\n\n\n<p><strong>Cambios en la programaci\u00f3n<\/strong><\/p>\n\n\n\n<p><strong><br><\/strong>Lamentamos informar que, por causas ajenas a PortAm\u00e9rica Latitudes y a FIM GDL, la presentaci\u00f3n de&nbsp;Ca7riel y Paco Amoroso&nbsp;no podr\u00e1 llevarse a cabo. Sin embargo, estamos emocionados de anunciar la incorporaci\u00f3n de&nbsp;Nsqk, uno de los artistas m\u00e1s destacados de su generaci\u00f3n. Con m\u00e1s de 100 millones de reproducciones en Spotify y una gira que agot\u00f3 10 fechas en todo el pa\u00eds, Nsqk ha consolidado su carrera como uno de los nombres m\u00e1s relevantes de la escena musical actual.&nbsp;<\/p>\n\n\n\n<p><strong>Un festival que celebra la m\u00fasica, la gastronom\u00eda y la cultura<\/strong><\/p>\n\n\n\n<p><strong><br><\/strong>PortAm\u00e9rica Latitudes sigue consolid\u00e1ndose como un espacio de descubrimiento y conexi\u00f3n, donde la m\u00fasica, la gastronom\u00eda y la cultura se entrelazan para ofrecer&nbsp;una experiencia inolvidable. Agradecemos la comprensi\u00f3n de nuestro p\u00fablico y les aseguramos que hemos preparado para esta edici\u00f3n, una celebraci\u00f3n \u00fanica.<\/p>\n\n\n\n<p><strong>\u00a1Nos vemos el 1 de marzo en la Plaza Bicentenario del Centro Cultural Universitario de Guadalajara!<\/strong><\/p>\n\n\n\n<p><strong><br><\/strong>Los boletos est\u00e1n disponibles en&nbsp;<a href=\"https:\/\/portamerica.mx\/\" target=\"_blank\" rel=\"noreferrer noopener\">https:\/\/portamerica.mx\/<\/a>&nbsp;o a trav\u00e9s de&nbsp;BoletoM\u00f3vil.<\/p>\n\n\n\n<hr class=\"wp-block-separator\"\/>\n\n\n\n<p><strong>Dos mujeres chilenas tejiendo historias a trav\u00e9s del arte en FIM GDL<\/strong><\/p>\n\n\n\n<p><strong><br><\/strong>Como parte de las actividades de la FIM GDL, se presentar\u00e1 la exposici\u00f3n&nbsp;<em>Recolectoras: Mon Laferte &amp; Violeta Parra<\/em>, un di\u00e1logo art\u00edstico sin precedentes que re\u00fane obras originales de Violeta Parra, pertenecientes a la colecci\u00f3n del&nbsp;Museo Violeta Parra, incluyendo arpilleras, pinturas, fotograf\u00edas y documentales. Adem\u00e1s, se exhibir\u00e1 una selecci\u00f3n de las creaciones visuales de Mon Laferte, quien a trav\u00e9s de su arte recolecta biograf\u00edas marcadas por el amor, el desamor, la justicia y lo popular. Esta exposici\u00f3n estar\u00e1 disponible del&nbsp;26 de febrero al 11 de mayo&nbsp;en el&nbsp;MUSA Museo de las Artes de la Universidad de Guadalajara, con entrada gratuita.<\/p>\n\n\n\n<p>Como parte del homenaje a Violeta Parra, Mon Laferte, junto a\u00a0Javiera Parra\u00a0(nieta de Violeta) y el pianista chileno\u00a0Camilo Salinas, ofrecer\u00e1n una conferencia y presentaci\u00f3n en vivo el\u00a026 de febrero a las 10:30 horas\u00a0en el\u00a0Conjunto Santander de Artes Esc\u00e9nicas. Un encuentro imperdible que celebra la vigencia y profundidad de dos artistas que han marcado la historia cultural de Latinoam\u00e9rica.<\/p>\n\n\n\n<figure class=\"wp-block-image size-large\"><img loading=\"lazy\" width=\"819\" height=\"1024\" src=\"https:\/\/tiempolibregdl.com\/wp-content\/uploads\/2025\/02\/CARTEL-PORTAMERICA-LATITUDES-B-819x1024.jpg\" alt=\"\" class=\"wp-image-2656\" srcset=\"https:\/\/tiempolibregdl.com\/wp-content\/uploads\/2025\/02\/CARTEL-PORTAMERICA-LATITUDES-B-819x1024.jpg 819w, https:\/\/tiempolibregdl.com\/wp-content\/uploads\/2025\/02\/CARTEL-PORTAMERICA-LATITUDES-B-240x300.jpg 240w, https:\/\/tiempolibregdl.com\/wp-content\/uploads\/2025\/02\/CARTEL-PORTAMERICA-LATITUDES-B-768x960.jpg 768w, https:\/\/tiempolibregdl.com\/wp-content\/uploads\/2025\/02\/CARTEL-PORTAMERICA-LATITUDES-B.jpg 1080w\" sizes=\"(max-width: 767px) 89vw, (max-width: 1000px) 54vw, (max-width: 1071px) 543px, 580px\" \/><\/figure>\n","protected":false},"excerpt":{"rendered":"<p>La sorpresa que no pod\u00eda faltar en PortAm\u00e9rica Latitudes: Mon Laferte A pocas semanas de la tercera edici\u00f3n de\u00a0PortAm\u00e9rica Latitudes, el festival que culminar\u00e1 la d\u00e9cima edici\u00f3n de la\u00a0Feria Internacional de la M\u00fasica de Guadalajara (FIM GDL), tenemos el honor de compartir una noticia que emocionar\u00e1 a los amantes de la m\u00fasica y el arte:\u00a0Mon &hellip; <\/p>\n<p class=\"link-more\"><a href=\"https:\/\/tiempolibregdl.com\/index.php\/2025\/02\/11\/mon-laferte-se-suma-al-poramerica-latitudes\/\" class=\"more-link\">Continuar leyendo<span class=\"screen-reader-text\"> &#8220;Mon Laferte se suma al PorAm\u00e9rica Latitudes&#8221;<\/span><\/a><\/p>\n","protected":false},"author":3,"featured_media":2657,"comment_status":"open","ping_status":"open","sticky":false,"template":"","format":"standard","meta":[],"categories":[1],"tags":[],"_links":{"self":[{"href":"https:\/\/tiempolibregdl.com\/index.php\/wp-json\/wp\/v2\/posts\/2655"}],"collection":[{"href":"https:\/\/tiempolibregdl.com\/index.php\/wp-json\/wp\/v2\/posts"}],"about":[{"href":"https:\/\/tiempolibregdl.com\/index.php\/wp-json\/wp\/v2\/types\/post"}],"author":[{"embeddable":true,"href":"https:\/\/tiempolibregdl.com\/index.php\/wp-json\/wp\/v2\/users\/3"}],"replies":[{"embeddable":true,"href":"https:\/\/tiempolibregdl.com\/index.php\/wp-json\/wp\/v2\/comments?post=2655"}],"version-history":[{"count":1,"href":"https:\/\/tiempolibregdl.com\/index.php\/wp-json\/wp\/v2\/posts\/2655\/revisions"}],"predecessor-version":[{"id":2658,"href":"https:\/\/tiempolibregdl.com\/index.php\/wp-json\/wp\/v2\/posts\/2655\/revisions\/2658"}],"wp:featuredmedia":[{"embeddable":true,"href":"https:\/\/tiempolibregdl.com\/index.php\/wp-json\/wp\/v2\/media\/2657"}],"wp:attachment":[{"href":"https:\/\/tiempolibregdl.com\/index.php\/wp-json\/wp\/v2\/media?parent=2655"}],"wp:term":[{"taxonomy":"category","embeddable":true,"href":"https:\/\/tiempolibregdl.com\/index.php\/wp-json\/wp\/v2\/categories?post=2655"},{"taxonomy":"post_tag","embeddable":true,"href":"https:\/\/tiempolibregdl.com\/index.php\/wp-json\/wp\/v2\/tags?post=2655"}],"curies":[{"name":"wp","href":"https:\/\/api.w.org\/{rel}","templated":true}]}}