{"id":806,"date":"2021-11-18T00:20:22","date_gmt":"2021-11-18T00:20:22","guid":{"rendered":"http:\/\/tiempolibregdl.com\/?p=806"},"modified":"2021-11-18T00:20:24","modified_gmt":"2021-11-18T00:20:24","slug":"entrevista-camila-fernandez-regreso-familia-y-mas","status":"publish","type":"post","link":"https:\/\/tiempolibregdl.com\/index.php\/2021\/11\/18\/entrevista-camila-fernandez-regreso-familia-y-mas\/","title":{"rendered":"Entrevista Camila Fern\u00e1ndez: Regreso, familia y m\u00e1s."},"content":{"rendered":"\n<p>Este pasado viernes 13 de noviembre, Camila Fern\u00e1ndez regres\u00f3 a la vida p\u00fablica despu\u00e9s de un tiempo, al presentarse en la <em><strong>Gran Plaza Fashion Mall<\/strong><\/em> para promocionar el nuevo&nbsp;<em>challenge&nbsp;<\/em>creada por la plaza junto a <strong>Jos\u00e9 Eduardo Derbez<\/strong>.&nbsp;&nbsp;<\/p>\n\n\n\n<p><\/p>\n\n\n\n<p class=\"has-text-align-center has-medium-font-size\"><strong><a href=\"https:\/\/www.facebook.com\/lagranplazafashionmall\/?hc_ref=ARS8eKqhgVlU0Mss0SVgyBXPo1Slz2oK0PBzsj3YT00Mlk0nqxIxj3Yv78OoV_38Ie4&amp;fref=nf&amp;__tn__=kC-R\" target=\"_blank\" rel=\"noopener\">Aqu\u00ed pueden revisar el challenge en la p\u00e1gina de Facebook de la plaza.<\/a><\/strong><\/p>\n\n\n\n<p><\/p>\n\n\n\n<p>Entre risas y comentarios, Camila se mostraba emocionada respecto a las conversaciones sobre <strong>futuras presentaciones en vivo<\/strong> que, aunque aun no est\u00e1n confirmadas, al menos deseaba tener shows en <strong>Guadalajara<\/strong> y la <strong>Ciudad de M\u00e9xico<\/strong>.&nbsp;<\/p>\n\n\n\n<figure class=\"wp-block-image size-large\"><img loading=\"lazy\" width=\"1024\" height=\"683\" src=\"https:\/\/tiempolibregdl.com\/wp-content\/uploads\/2021\/11\/IMG_8199-1-1024x683.jpg\" alt=\"\" class=\"wp-image-808\" srcset=\"https:\/\/tiempolibregdl.com\/wp-content\/uploads\/2021\/11\/IMG_8199-1-1024x683.jpg 1024w, https:\/\/tiempolibregdl.com\/wp-content\/uploads\/2021\/11\/IMG_8199-1-300x200.jpg 300w, https:\/\/tiempolibregdl.com\/wp-content\/uploads\/2021\/11\/IMG_8199-1-768x512.jpg 768w, https:\/\/tiempolibregdl.com\/wp-content\/uploads\/2021\/11\/IMG_8199-1-1536x1024.jpg 1536w, https:\/\/tiempolibregdl.com\/wp-content\/uploads\/2021\/11\/IMG_8199-1-2048x1365.jpg 2048w\" sizes=\"(max-width: 767px) 89vw, (max-width: 1000px) 54vw, (max-width: 1071px) 543px, 580px\" \/><\/figure>\n\n\n\n<p>Al mismo tiempo nos invit\u00f3 a escuchar su nuevo sencillo&nbsp;<em><strong>Mezcal<\/strong>&nbsp;<\/em>el cu\u00e1l se grab\u00f3 aqu\u00ed en <strong>Jalisco<\/strong>, la cuna de su familia.&nbsp;&nbsp;En palabras de su autora,&nbsp;<em><strong>Mezcal<\/strong>&nbsp;<\/em>busca juntar la tradici\u00f3n familiar del <strong>mariachi<\/strong> con la electricidad del <strong>pop<\/strong>, proyectando orgullosamente sus ra\u00edces, pero mostrando al mundo al que ella desea unirse.&nbsp;<\/p>\n\n\n\n<p><\/p>\n\n\n\n<p class=\"has-text-align-center has-medium-font-size\"><strong><a href=\"https:\/\/www.youtube.com\/watch?v=-9_4q9KSIJI\" data-type=\"URL\" data-id=\"https:\/\/www.youtube.com\/watch?v=-9_4q9KSIJI\" target=\"_blank\" rel=\"noopener\">Puedes escuchar el nuevo sencillo de Camila Fern\u00e1ndez aqu\u00ed.<\/a><\/strong><\/p>\n\n\n\n<p><\/p>\n\n\n\n<p>Durante su presentaci\u00f3n, Camila nos cont\u00f3 aun m\u00e1s respecto a su situaci\u00f3n familiar durante este 2021, sobre c\u00f3mo este a\u00f1o ha estado lleno de retos, pero tambi\u00e9n de sorpresas. La llegada de su hija <strong>Cayetana<\/strong>, as\u00ed como el futuro nacimiento de la hija de <strong>Alex<\/strong> ha resultado en una motivaci\u00f3n muy importante para ella. De la misma manera, afirma que no duda en expandir a su familia, pero no de manera tan pronta.&nbsp;<\/p>\n\n\n\n<figure class=\"wp-block-image size-large\"><img loading=\"lazy\" width=\"1024\" height=\"683\" src=\"https:\/\/tiempolibregdl.com\/wp-content\/uploads\/2021\/11\/IMG_8169-1-1024x683.jpg\" alt=\"\" class=\"wp-image-810\" srcset=\"https:\/\/tiempolibregdl.com\/wp-content\/uploads\/2021\/11\/IMG_8169-1-1024x683.jpg 1024w, https:\/\/tiempolibregdl.com\/wp-content\/uploads\/2021\/11\/IMG_8169-1-300x200.jpg 300w, https:\/\/tiempolibregdl.com\/wp-content\/uploads\/2021\/11\/IMG_8169-1-768x512.jpg 768w, https:\/\/tiempolibregdl.com\/wp-content\/uploads\/2021\/11\/IMG_8169-1-1536x1024.jpg 1536w, https:\/\/tiempolibregdl.com\/wp-content\/uploads\/2021\/11\/IMG_8169-1-2048x1365.jpg 2048w\" sizes=\"(max-width: 767px) 89vw, (max-width: 1000px) 54vw, (max-width: 1071px) 543px, 580px\" \/><\/figure>\n\n\n\n<p>En lo que respecta a la salud de su abuelo, <strong>Vicente Fern\u00e1ndez<\/strong>, La cantautora se expresa contenta por la evoluci\u00f3n en la salud de su abuelo. Tambi\u00e9n nos mencion\u00f3 que \u00e9l ya ha recuperado la movilidad de su rostro y de una de sus manos.&nbsp;<\/p>\n\n\n\n<p>Al final de su presentaci\u00f3n, Camila dio la oportunidad al p\u00fablico para que pudieran tomarse fotos con ella en el Stand dentro de la plaza.<\/p>\n\n\n\n<figure class=\"wp-block-image size-large\"><img loading=\"lazy\" width=\"1024\" height=\"683\" src=\"https:\/\/tiempolibregdl.com\/wp-content\/uploads\/2021\/11\/IMG_8295-1024x683.jpg\" alt=\"\" class=\"wp-image-811\" srcset=\"https:\/\/tiempolibregdl.com\/wp-content\/uploads\/2021\/11\/IMG_8295-1024x683.jpg 1024w, https:\/\/tiempolibregdl.com\/wp-content\/uploads\/2021\/11\/IMG_8295-300x200.jpg 300w, https:\/\/tiempolibregdl.com\/wp-content\/uploads\/2021\/11\/IMG_8295-768x512.jpg 768w, https:\/\/tiempolibregdl.com\/wp-content\/uploads\/2021\/11\/IMG_8295-1536x1024.jpg 1536w, https:\/\/tiempolibregdl.com\/wp-content\/uploads\/2021\/11\/IMG_8295-2048x1365.jpg 2048w\" sizes=\"(max-width: 767px) 89vw, (max-width: 1000px) 54vw, (max-width: 1071px) 543px, 580px\" \/><\/figure>\n","protected":false},"excerpt":{"rendered":"<p>Este pasado viernes 13 de noviembre, Camila Fern\u00e1ndez regres\u00f3 a la vida p\u00fablica despu\u00e9s de un tiempo, al presentarse en la Gran Plaza Fashion Mall para promocionar el nuevo&nbsp;challenge&nbsp;creada por la plaza junto a Jos\u00e9 Eduardo Derbez.&nbsp;&nbsp; Aqu\u00ed pueden revisar el challenge en la p\u00e1gina de Facebook de la plaza. Entre risas y comentarios, Camila &hellip; <\/p>\n<p class=\"link-more\"><a href=\"https:\/\/tiempolibregdl.com\/index.php\/2021\/11\/18\/entrevista-camila-fernandez-regreso-familia-y-mas\/\" class=\"more-link\">Continuar leyendo<span class=\"screen-reader-text\"> &#8220;Entrevista Camila Fern\u00e1ndez: Regreso, familia y m\u00e1s.&#8221;<\/span><\/a><\/p>\n","protected":false},"author":3,"featured_media":809,"comment_status":"open","ping_status":"open","sticky":false,"template":"","format":"standard","meta":[],"categories":[1],"tags":[],"_links":{"self":[{"href":"https:\/\/tiempolibregdl.com\/index.php\/wp-json\/wp\/v2\/posts\/806"}],"collection":[{"href":"https:\/\/tiempolibregdl.com\/index.php\/wp-json\/wp\/v2\/posts"}],"about":[{"href":"https:\/\/tiempolibregdl.com\/index.php\/wp-json\/wp\/v2\/types\/post"}],"author":[{"embeddable":true,"href":"https:\/\/tiempolibregdl.com\/index.php\/wp-json\/wp\/v2\/users\/3"}],"replies":[{"embeddable":true,"href":"https:\/\/tiempolibregdl.com\/index.php\/wp-json\/wp\/v2\/comments?post=806"}],"version-history":[{"count":2,"href":"https:\/\/tiempolibregdl.com\/index.php\/wp-json\/wp\/v2\/posts\/806\/revisions"}],"predecessor-version":[{"id":814,"href":"https:\/\/tiempolibregdl.com\/index.php\/wp-json\/wp\/v2\/posts\/806\/revisions\/814"}],"wp:featuredmedia":[{"embeddable":true,"href":"https:\/\/tiempolibregdl.com\/index.php\/wp-json\/wp\/v2\/media\/809"}],"wp:attachment":[{"href":"https:\/\/tiempolibregdl.com\/index.php\/wp-json\/wp\/v2\/media?parent=806"}],"wp:term":[{"taxonomy":"category","embeddable":true,"href":"https:\/\/tiempolibregdl.com\/index.php\/wp-json\/wp\/v2\/categories?post=806"},{"taxonomy":"post_tag","embeddable":true,"href":"https:\/\/tiempolibregdl.com\/index.php\/wp-json\/wp\/v2\/tags?post=806"}],"curies":[{"name":"wp","href":"https:\/\/api.w.org\/{rel}","templated":true}]}}