{"id":834,"date":"2021-11-25T21:02:26","date_gmt":"2021-11-25T21:02:26","guid":{"rendered":"http:\/\/tiempolibregdl.com\/?p=834"},"modified":"2021-11-25T21:02:27","modified_gmt":"2021-11-25T21:02:27","slug":"ricky-martin-reagenda-las-fechas-que-tenia-programadas-en-nuestro-pais-de-su-gira-movimiento-tour","status":"publish","type":"post","link":"https:\/\/tiempolibregdl.com\/index.php\/2021\/11\/25\/ricky-martin-reagenda-las-fechas-que-tenia-programadas-en-nuestro-pais-de-su-gira-movimiento-tour\/","title":{"rendered":"Ricky Martin reagenda las fechas que ten\u00eda programadas en nuestro pa\u00eds de su gira Movimiento Tour."},"content":{"rendered":"\n<p>Despu\u00e9s de su exitosa gira por los Estados Unidos en compa\u00f1\u00eda de Enrique Iglesias y Sebasti\u00e1n Yatra; la leyenda del pop latino,\u00a0<strong>Ricky Martin<\/strong>\u00a0se reencontrar\u00e1 con todas sus fans mexicanas para traer lo mejor de su m\u00fasica y ofrecer un espect\u00e1culo impactante. En esta ocasi\u00f3n,\u00a0<em>Movimiento Tour<\/em>\u00a0reagenda sus fechas para\u00a0<strong>2022\u00a0<\/strong>en la\u00a0<strong>Ciudad de M\u00e9xico, Guadalajara, Monterrey, Quer\u00e9taro y Veracruz<\/strong>. <\/p>\n\n\n\n<p>Si conservaste los boletos para las fechas anteriores te damos las gracias por guardarlos ya que ser\u00e1n v\u00e1lidos para las nuevas presentaciones.Las presentaciones en nuestro pa\u00eds dar\u00e1n inicio el\u00a0<strong>8de marzo de2022<\/strong>en el\u00a0<strong>Foro Sol<\/strong>. El siguiente paso tendr\u00e1 lugar el\u00a0<strong>10demarzo<\/strong>\u00a0en la\u00a0<strong>Arena Monterrey<\/strong>. Para el\u00a0<strong>12 de marzo<\/strong>\u00a0la ciudad de\u00a0<strong>Guadalajara<\/strong>\u00a0lo recibir\u00e1 en la\u00a0<strong>Arena VFG<\/strong>. Posteriormente seguir\u00e1 el turno del\u00a0<strong>Estadio de Beisbol<\/strong>\u00a0de\u00a0<strong>Veracruz<\/strong>\u00a0el\u00a0<strong>16demarzo<\/strong>.\u00a0<strong>Quer\u00e9taro<\/strong>\u00a0se convertir\u00e1 en la parada final el\u00a0<strong>18 demarzo<\/strong>\u00a0en el\u00a0<strong>H\u00edpico de Juriquilla<\/strong>.<\/p>\n\n\n\n<p>El \u00eddolo boricua ofrecer\u00e1 a sus seguidores un espect\u00e1culo completo, reuniendo un repertorio de sus \u00e9xitos como\u00a0<em>Livin\u2019 La Vida Loca<\/em>,\u00a0<em>Shake Your Bon Bon<\/em>\u00a0y\u00a0<em>Vuelve.\u00a0<\/em>El concierto ser\u00e1 uno de los m\u00e1s vanguardistas que ha montado el cantante: alta tecnolog\u00eda con un dise\u00f1o de escenario espectacular e iluminaci\u00f3n de alta tecnolog\u00eda. Cada canci\u00f3n representar\u00e1 en el escenario nuevas inspiraciones tem\u00e1ticas que funcionar\u00e1n como complemento a la interpretaci\u00f3n del astro puertorrique\u00f1o y a las coreograf\u00edas de su cuerpo de baile.<\/p>\n\n\n\n<p><strong>Ricky Martin<\/strong>\u00a0ha reafirmado su \u00e9xito con las \u00faltimas presentaciones. Por si esto fuera poco, el boricua no ha deja de crear m\u00fasica, pues tan s\u00f3lo en este a\u00f1o ha lanzado dos sencillos:\u00a0<em>Canci\u00f3n bonita<\/em>\u00a0feat. Carlos Vives, la cual cuenta con m\u00e1s de 85 millones de reproducciones en Spotify, y se coloca como el n\u00famero uno en la lista de preferencias de los fans del cantante. Mientras que\u00a0<em>Qu\u00e9 rico fuera<\/em>\u00a0feat. Paloma Mami, ocupa el cuarto lugar en la lista de la misma plataforma con m\u00e1s de 16 millones de reproducciones.<\/p>\n\n\n\n<p><br>Su popularidad y \u00e9xito dentro del g\u00e9nero del pop es irrefutable. Desde que comenz\u00f3 su carrera musical<strong>, Ricky Martin<\/strong>\u00a0ha vendido m\u00e1s de 70 millones de discos alrededor del mundo; ha ganado m\u00faltiples premios GRAMMY en diferentes categor\u00edas y ha musicalizado diferentes eventos, un ejemplo es su participaci\u00f3n en la Copa Mundial de 1998 con su tema\u00a0<em>La copa de la vida<\/em>.\u00a0<br><\/p>\n\n\n\n<p>Las fans mexicanas ya no esperar\u00e1n m\u00e1s.\u00a0<strong>Ricky Martin<\/strong>\u00a0y su gira\u00a0<em>Movimiento Tour\u00a0<\/em>reagendan sus fechas en nuestro pa\u00eds para\u00a0<strong>2022<\/strong>. El cantante se presentar\u00e1 en\u00a0<strong>Ciudad de M\u00e9xico, Monterrey, Guadalajara, Veracruz y Quer\u00e9taro.Fechas de su Gira por M\u00e9xico<\/strong><\/p>\n\n\n\n<p><strong><br>8 de marzo &#8211; Foro Sol &#8211; CDMX<br>10 de marzo &#8211; Arena Monterrey &#8211; Monterrey<br>12 de marzo &#8211; Arena VFG &#8211; Guadalajara<br>16 de marzo &#8211; Estadio de Beisbol &#8211; Veracruz<br>18 de marzo &#8211; H\u00edpico de Juriquilla &#8211; Quer\u00e9taro<\/strong><\/p>\n\n\n\n<p><\/p>\n\n\n\n<p>Para m\u00e1s informaci\u00f3n sobre Ricky Martin, visita:\u00a0<a href=\"http:\/\/www.rickymartinmusic.com\/es\/\" target=\"_blank\" rel=\"noopener\"><u>http:\/\/www.rickymartinmusic.com\/es\/<\/u><\/a>Para informaci\u00f3n sobre los conciertos en nuestro pa\u00eds:<\/p>\n\n\n\n<p><br><a href=\"https:\/\/www.ocesa.com.mx\/\" target=\"_blank\" rel=\"noopener\">www.ocesa.com.mx<\/a><br><a href=\"https:\/\/www.ticketmaster.com.mx\/\" target=\"_blank\" rel=\"noopener\">www.ticketmaster.com.mx<\/a><\/p>\n","protected":false},"excerpt":{"rendered":"<p>Despu\u00e9s de su exitosa gira por los Estados Unidos en compa\u00f1\u00eda de Enrique Iglesias y Sebasti\u00e1n Yatra; la leyenda del pop latino,\u00a0Ricky Martin\u00a0se reencontrar\u00e1 con todas sus fans mexicanas para traer lo mejor de su m\u00fasica y ofrecer un espect\u00e1culo impactante. En esta ocasi\u00f3n,\u00a0Movimiento Tour\u00a0reagenda sus fechas para\u00a02022\u00a0en la\u00a0Ciudad de M\u00e9xico, Guadalajara, Monterrey, Quer\u00e9taro y &hellip; <\/p>\n<p class=\"link-more\"><a href=\"https:\/\/tiempolibregdl.com\/index.php\/2021\/11\/25\/ricky-martin-reagenda-las-fechas-que-tenia-programadas-en-nuestro-pais-de-su-gira-movimiento-tour\/\" class=\"more-link\">Continuar leyendo<span class=\"screen-reader-text\"> &#8220;Ricky Martin reagenda las fechas que ten\u00eda programadas en nuestro pa\u00eds de su gira Movimiento Tour.&#8221;<\/span><\/a><\/p>\n","protected":false},"author":3,"featured_media":835,"comment_status":"open","ping_status":"open","sticky":false,"template":"","format":"standard","meta":[],"categories":[1],"tags":[],"_links":{"self":[{"href":"https:\/\/tiempolibregdl.com\/index.php\/wp-json\/wp\/v2\/posts\/834"}],"collection":[{"href":"https:\/\/tiempolibregdl.com\/index.php\/wp-json\/wp\/v2\/posts"}],"about":[{"href":"https:\/\/tiempolibregdl.com\/index.php\/wp-json\/wp\/v2\/types\/post"}],"author":[{"embeddable":true,"href":"https:\/\/tiempolibregdl.com\/index.php\/wp-json\/wp\/v2\/users\/3"}],"replies":[{"embeddable":true,"href":"https:\/\/tiempolibregdl.com\/index.php\/wp-json\/wp\/v2\/comments?post=834"}],"version-history":[{"count":1,"href":"https:\/\/tiempolibregdl.com\/index.php\/wp-json\/wp\/v2\/posts\/834\/revisions"}],"predecessor-version":[{"id":836,"href":"https:\/\/tiempolibregdl.com\/index.php\/wp-json\/wp\/v2\/posts\/834\/revisions\/836"}],"wp:featuredmedia":[{"embeddable":true,"href":"https:\/\/tiempolibregdl.com\/index.php\/wp-json\/wp\/v2\/media\/835"}],"wp:attachment":[{"href":"https:\/\/tiempolibregdl.com\/index.php\/wp-json\/wp\/v2\/media?parent=834"}],"wp:term":[{"taxonomy":"category","embeddable":true,"href":"https:\/\/tiempolibregdl.com\/index.php\/wp-json\/wp\/v2\/categories?post=834"},{"taxonomy":"post_tag","embeddable":true,"href":"https:\/\/tiempolibregdl.com\/index.php\/wp-json\/wp\/v2\/tags?post=834"}],"curies":[{"name":"wp","href":"https:\/\/api.w.org\/{rel}","templated":true}]}}