{"id":862,"date":"2022-01-12T04:09:58","date_gmt":"2022-01-12T04:09:58","guid":{"rendered":"http:\/\/tiempolibregdl.com\/?p=862"},"modified":"2022-01-12T04:11:49","modified_gmt":"2022-01-12T04:11:49","slug":"con-varias-ovaciones-de-pie-la-ossla-es-reconocida-en-guadalajara","status":"publish","type":"post","link":"https:\/\/tiempolibregdl.com\/index.php\/2022\/01\/12\/con-varias-ovaciones-de-pie-la-ossla-es-reconocida-en-guadalajara\/","title":{"rendered":"Con varias ovaciones de pie la OSSLA es reconocida en Guadalajara."},"content":{"rendered":"\n<p>Con la Sala Pl\u00e1cido Domingo a su m\u00e1xima capacidad, la Orquesta Sinf\u00f3nica Sinaloa de las Artes (OSSLA) fue ovacionada en su visita al Conjunto Santander de Artes Esc\u00e9nicas.<\/p>\n\n\n\n<figure class=\"wp-block-image size-large\"><img loading=\"lazy\" width=\"1024\" height=\"682\" src=\"https:\/\/tiempolibregdl.com\/wp-content\/uploads\/2022\/01\/5751bc2b-1536-4d6f-89aa-d855259fe2aa-1024x682.jpeg\" alt=\"\" class=\"wp-image-867\" srcset=\"https:\/\/tiempolibregdl.com\/wp-content\/uploads\/2022\/01\/5751bc2b-1536-4d6f-89aa-d855259fe2aa-1024x682.jpeg 1024w, https:\/\/tiempolibregdl.com\/wp-content\/uploads\/2022\/01\/5751bc2b-1536-4d6f-89aa-d855259fe2aa-300x200.jpeg 300w, https:\/\/tiempolibregdl.com\/wp-content\/uploads\/2022\/01\/5751bc2b-1536-4d6f-89aa-d855259fe2aa-768x512.jpeg 768w, https:\/\/tiempolibregdl.com\/wp-content\/uploads\/2022\/01\/5751bc2b-1536-4d6f-89aa-d855259fe2aa-1536x1023.jpeg 1536w, https:\/\/tiempolibregdl.com\/wp-content\/uploads\/2022\/01\/5751bc2b-1536-4d6f-89aa-d855259fe2aa.jpeg 1600w\" sizes=\"(max-width: 767px) 89vw, (max-width: 1000px) 54vw, (max-width: 1071px) 543px, 580px\" \/><\/figure>\n\n\n\n<p><br>Con un programa que incluy\u00f3 obras de Shostakovich, Vivaldi, Rossini, Dvo\u0159\u00e1k, SaintSa\u00ebns, Strauss, Puccini y Ravel, la orquesta sinaloense celebr\u00f3 la llegada del 2022 y de sus primeros 20 a\u00f1os de trayectoria.<\/p>\n\n\n\n<figure class=\"wp-block-image size-large\"><img loading=\"lazy\" width=\"1024\" height=\"682\" src=\"https:\/\/tiempolibregdl.com\/wp-content\/uploads\/2022\/01\/6f5d32d2-ed72-4868-b11a-d65d10b59d1f-1024x682.jpeg\" alt=\"\" class=\"wp-image-864\" srcset=\"https:\/\/tiempolibregdl.com\/wp-content\/uploads\/2022\/01\/6f5d32d2-ed72-4868-b11a-d65d10b59d1f-1024x682.jpeg 1024w, https:\/\/tiempolibregdl.com\/wp-content\/uploads\/2022\/01\/6f5d32d2-ed72-4868-b11a-d65d10b59d1f-300x200.jpeg 300w, https:\/\/tiempolibregdl.com\/wp-content\/uploads\/2022\/01\/6f5d32d2-ed72-4868-b11a-d65d10b59d1f-768x512.jpeg 768w, https:\/\/tiempolibregdl.com\/wp-content\/uploads\/2022\/01\/6f5d32d2-ed72-4868-b11a-d65d10b59d1f-1536x1023.jpeg 1536w, https:\/\/tiempolibregdl.com\/wp-content\/uploads\/2022\/01\/6f5d32d2-ed72-4868-b11a-d65d10b59d1f.jpeg 1600w\" sizes=\"(max-width: 767px) 89vw, (max-width: 1000px) 54vw, (max-width: 1071px) 543px, 580px\" \/><\/figure>\n\n\n\n<p><br>Bajo la batuta de su director titular, el maestro Miguel Salmon Del Real, la OSSLA<br>ofreci\u00f3 interpretaciones impecables que fueron coronadas por el trabajo de la celebrada violinista Anastasiya Petryshack, quien debuta en M\u00e9xico en esta ocasi\u00f3n y qui\u00e9n interpret\u00f3 \u201cInvierno\u201d, de las Cuatro estaciones de Vivaldi, \u201cCzardas\u201d de Vittorio Monti, \u201cTzigane\u201d de Ravel, e \u201cIntroducci\u00f3n y Rond\u00f3 Caprichoso\u201d de Saint-Sa\u00ebns; El concierto tambi\u00e9n cont\u00f3 con la participaci\u00f3n especial Leonardo S\u00e1nchez, joven promesa de la l\u00edrica nacional, quien le dio voz a las arias: \u201dE lucevan le stelle\u201d, y \u201cNessun dorma\u201d.<\/p>\n\n\n\n<figure class=\"wp-block-image size-large\"><img loading=\"lazy\" width=\"1024\" height=\"682\" src=\"https:\/\/tiempolibregdl.com\/wp-content\/uploads\/2022\/01\/e7925475-b3aa-428d-8ba6-177ab0d08ed3-1024x682.jpeg\" alt=\"\" class=\"wp-image-868\" srcset=\"https:\/\/tiempolibregdl.com\/wp-content\/uploads\/2022\/01\/e7925475-b3aa-428d-8ba6-177ab0d08ed3-1024x682.jpeg 1024w, https:\/\/tiempolibregdl.com\/wp-content\/uploads\/2022\/01\/e7925475-b3aa-428d-8ba6-177ab0d08ed3-300x200.jpeg 300w, https:\/\/tiempolibregdl.com\/wp-content\/uploads\/2022\/01\/e7925475-b3aa-428d-8ba6-177ab0d08ed3-768x512.jpeg 768w, https:\/\/tiempolibregdl.com\/wp-content\/uploads\/2022\/01\/e7925475-b3aa-428d-8ba6-177ab0d08ed3-1536x1023.jpeg 1536w, https:\/\/tiempolibregdl.com\/wp-content\/uploads\/2022\/01\/e7925475-b3aa-428d-8ba6-177ab0d08ed3.jpeg 1600w\" sizes=\"(max-width: 767px) 89vw, (max-width: 1000px) 54vw, (max-width: 1071px) 543px, 580px\" \/><\/figure>\n\n\n\n<p><br>Durante la segunda parte del concierto, el p\u00fablico disfrut\u00f3 del \u201cVals n\u00famero 2\u201d de Shostakovich, la \u201cPolonesa\u201d de Rimsky-Korsakov, la Danza Eslava n\u00famero 8 de Dvorak, y el \u201cVals Susana\u201d compuesto por Miguel Salmon Del Real, director de la agrupaci\u00f3n.<\/p>\n\n\n\n<figure class=\"wp-block-image size-large\"><img loading=\"lazy\" width=\"1024\" height=\"682\" src=\"https:\/\/tiempolibregdl.com\/wp-content\/uploads\/2022\/01\/89ba79b7-8d26-4249-a324-6af716dff9c8-1024x682.jpeg\" alt=\"\" class=\"wp-image-866\" srcset=\"https:\/\/tiempolibregdl.com\/wp-content\/uploads\/2022\/01\/89ba79b7-8d26-4249-a324-6af716dff9c8-1024x682.jpeg 1024w, https:\/\/tiempolibregdl.com\/wp-content\/uploads\/2022\/01\/89ba79b7-8d26-4249-a324-6af716dff9c8-300x200.jpeg 300w, https:\/\/tiempolibregdl.com\/wp-content\/uploads\/2022\/01\/89ba79b7-8d26-4249-a324-6af716dff9c8-768x512.jpeg 768w, https:\/\/tiempolibregdl.com\/wp-content\/uploads\/2022\/01\/89ba79b7-8d26-4249-a324-6af716dff9c8-1536x1023.jpeg 1536w, https:\/\/tiempolibregdl.com\/wp-content\/uploads\/2022\/01\/89ba79b7-8d26-4249-a324-6af716dff9c8.jpeg 1600w\" sizes=\"(max-width: 767px) 89vw, (max-width: 1000px) 54vw, (max-width: 1071px) 543px, 580px\" \/><\/figure>\n\n\n\n<p><br>Dando fe, de porqu\u00e9 la OSSLA es una de las mejores sinf\u00f3nicas del pa\u00eds, se despidi\u00f3 con la Polka pizzicato de Strauss, y La Danza de Rossini.<br><\/p>\n\n\n\n<figure class=\"wp-block-image size-large\"><img loading=\"lazy\" width=\"1024\" height=\"682\" src=\"https:\/\/tiempolibregdl.com\/wp-content\/uploads\/2022\/01\/0cb54d01-b179-416e-a98c-5365d1788acb-1024x682.jpeg\" alt=\"\" class=\"wp-image-863\" srcset=\"https:\/\/tiempolibregdl.com\/wp-content\/uploads\/2022\/01\/0cb54d01-b179-416e-a98c-5365d1788acb-1024x682.jpeg 1024w, https:\/\/tiempolibregdl.com\/wp-content\/uploads\/2022\/01\/0cb54d01-b179-416e-a98c-5365d1788acb-300x200.jpeg 300w, https:\/\/tiempolibregdl.com\/wp-content\/uploads\/2022\/01\/0cb54d01-b179-416e-a98c-5365d1788acb-768x512.jpeg 768w, https:\/\/tiempolibregdl.com\/wp-content\/uploads\/2022\/01\/0cb54d01-b179-416e-a98c-5365d1788acb-1536x1023.jpeg 1536w, https:\/\/tiempolibregdl.com\/wp-content\/uploads\/2022\/01\/0cb54d01-b179-416e-a98c-5365d1788acb.jpeg 1600w\" sizes=\"(max-width: 767px) 89vw, (max-width: 1000px) 54vw, (max-width: 1071px) 543px, 580px\" \/><\/figure>\n\n\n\n<p>Despu\u00e9s de nutridas ovaciones de pie, el director y los solistas regresaron al escenario para ofrecer dos obras de cortes\u00eda: \u201cM\u00e9xico lindo y querido\u201d, y \u201cGuadalajara\u201d, gan\u00e1ndose una vez m\u00e1s el reconocimiento del p\u00fablico, y motivando a la agrupaci\u00f3n a despedirse con la interpretaci\u00f3n del Sinaloense.<\/p>\n\n\n\n<figure class=\"wp-block-image size-large\"><img loading=\"lazy\" width=\"1024\" height=\"682\" src=\"https:\/\/tiempolibregdl.com\/wp-content\/uploads\/2022\/01\/70d6f2f7-aa41-42de-a7f9-cbcd1569d1a0-1024x682.jpeg\" alt=\"\" class=\"wp-image-865\" srcset=\"https:\/\/tiempolibregdl.com\/wp-content\/uploads\/2022\/01\/70d6f2f7-aa41-42de-a7f9-cbcd1569d1a0-1024x682.jpeg 1024w, https:\/\/tiempolibregdl.com\/wp-content\/uploads\/2022\/01\/70d6f2f7-aa41-42de-a7f9-cbcd1569d1a0-300x200.jpeg 300w, https:\/\/tiempolibregdl.com\/wp-content\/uploads\/2022\/01\/70d6f2f7-aa41-42de-a7f9-cbcd1569d1a0-768x512.jpeg 768w, https:\/\/tiempolibregdl.com\/wp-content\/uploads\/2022\/01\/70d6f2f7-aa41-42de-a7f9-cbcd1569d1a0-1536x1023.jpeg 1536w, https:\/\/tiempolibregdl.com\/wp-content\/uploads\/2022\/01\/70d6f2f7-aa41-42de-a7f9-cbcd1569d1a0.jpeg 1600w\" sizes=\"(max-width: 767px) 89vw, (max-width: 1000px) 54vw, (max-width: 1071px) 543px, 580px\" \/><\/figure>\n\n\n\n<p><br>Sin duda, una manera de comenzar el a\u00f1o, con un \u00e9xito art\u00edstico y de taquilla, que quedar\u00e1 en la memoria de todos los asistentes.<\/p>\n","protected":false},"excerpt":{"rendered":"<p>Con la Sala Pl\u00e1cido Domingo a su m\u00e1xima capacidad, la Orquesta Sinf\u00f3nica Sinaloa de las Artes (OSSLA) fue ovacionada en su visita al Conjunto Santander de Artes Esc\u00e9nicas. Con un programa que incluy\u00f3 obras de Shostakovich, Vivaldi, Rossini, Dvo\u0159\u00e1k, SaintSa\u00ebns, Strauss, Puccini y Ravel, la orquesta sinaloense celebr\u00f3 la llegada del 2022 y de sus &hellip; <\/p>\n<p class=\"link-more\"><a href=\"https:\/\/tiempolibregdl.com\/index.php\/2022\/01\/12\/con-varias-ovaciones-de-pie-la-ossla-es-reconocida-en-guadalajara\/\" class=\"more-link\">Continuar leyendo<span class=\"screen-reader-text\"> &#8220;Con varias ovaciones de pie la OSSLA es reconocida en Guadalajara.&#8221;<\/span><\/a><\/p>\n","protected":false},"author":1,"featured_media":869,"comment_status":"closed","ping_status":"closed","sticky":false,"template":"","format":"standard","meta":[],"categories":[11,12],"tags":[13,168,14],"_links":{"self":[{"href":"https:\/\/tiempolibregdl.com\/index.php\/wp-json\/wp\/v2\/posts\/862"}],"collection":[{"href":"https:\/\/tiempolibregdl.com\/index.php\/wp-json\/wp\/v2\/posts"}],"about":[{"href":"https:\/\/tiempolibregdl.com\/index.php\/wp-json\/wp\/v2\/types\/post"}],"author":[{"embeddable":true,"href":"https:\/\/tiempolibregdl.com\/index.php\/wp-json\/wp\/v2\/users\/1"}],"replies":[{"embeddable":true,"href":"https:\/\/tiempolibregdl.com\/index.php\/wp-json\/wp\/v2\/comments?post=862"}],"version-history":[{"count":2,"href":"https:\/\/tiempolibregdl.com\/index.php\/wp-json\/wp\/v2\/posts\/862\/revisions"}],"predecessor-version":[{"id":872,"href":"https:\/\/tiempolibregdl.com\/index.php\/wp-json\/wp\/v2\/posts\/862\/revisions\/872"}],"wp:featuredmedia":[{"embeddable":true,"href":"https:\/\/tiempolibregdl.com\/index.php\/wp-json\/wp\/v2\/media\/869"}],"wp:attachment":[{"href":"https:\/\/tiempolibregdl.com\/index.php\/wp-json\/wp\/v2\/media?parent=862"}],"wp:term":[{"taxonomy":"category","embeddable":true,"href":"https:\/\/tiempolibregdl.com\/index.php\/wp-json\/wp\/v2\/categories?post=862"},{"taxonomy":"post_tag","embeddable":true,"href":"https:\/\/tiempolibregdl.com\/index.php\/wp-json\/wp\/v2\/tags?post=862"}],"curies":[{"name":"wp","href":"https:\/\/api.w.org\/{rel}","templated":true}]}}